{"id":25,"date":"2018-01-18T13:14:24","date_gmt":"2018-01-18T13:14:24","guid":{"rendered":"http:\/\/bike-culture.de\/?p=25"},"modified":"2018-01-19T20:27:57","modified_gmt":"2018-01-19T19:27:57","slug":"umfrage-erfahrungen-mit-scheibenbremsen-an-rennlenkerraedern","status":"publish","type":"post","link":"http:\/\/bike-culture.de\/?p=25","title":{"rendered":"Umfrage: Eure Erfahrungen mit Scheibenbremsen an Rennlenkerr\u00e4dern"},"content":{"rendered":"<p>Wie sind eure Erfahrungen mit Scheibenbremsen (hydraulisch\/mechanisch) in Verbindung mit Rennradbremsschalthebeln, was die Verz\u00f6gerung und Ger\u00e4usche anbetrifft?<br \/>\nBesonders interessiert mich diese Kombination an Randonneur-R\u00e4dern, Gravelbikes und aufger\u00fcsteten Crossr\u00e4dern gerade bei Gep\u00e4ckzuladung?<br \/>\nWelche Bremssysteme fahrt ihr mit welchen Scheibengr\u00f6\u00dfen und welches Gewicht mu\u00df abgebremst werden?<\/p>\n<p>Ich freue mich schon auf die Zuschriften, danke schon mal vorab.<\/p>\n","protected":false},"excerpt":{"rendered":"<p>Wie sind eure Erfahrungen mit Scheibenbremsen (hydraulisch\/mechanisch) in Verbindung mit Rennradbremsschalthebeln, was die Verz\u00f6gerung und Ger\u00e4usche anbetrifft? Besonders interessiert mich diese Kombination an Randonneur-R\u00e4dern, Gravelbikes und aufger\u00fcsteten Crossr\u00e4dern gerade bei Gep\u00e4ckzuladung? Welche Bremssysteme fahrt ihr mit welchen Scheibengr\u00f6\u00dfen und welches Gewicht mu\u00df abgebremst werden? Ich freue mich schon auf die Zuschriften, danke schon mal vorab.<\/p>\n","protected":false},"author":1,"featured_media":0,"comment_status":"open","ping_status":"open","sticky":false,"template":"","format":"standard","meta":[],"categories":[1],"tags":[],"_links":{"self":[{"href":"http:\/\/bike-culture.de\/index.php?rest_route=\/wp\/v2\/posts\/25"}],"collection":[{"href":"http:\/\/bike-culture.de\/index.php?rest_route=\/wp\/v2\/posts"}],"about":[{"href":"http:\/\/bike-culture.de\/index.php?rest_route=\/wp\/v2\/types\/post"}],"author":[{"embeddable":true,"href":"http:\/\/bike-culture.de\/index.php?rest_route=\/wp\/v2\/users\/1"}],"replies":[{"embeddable":true,"href":"http:\/\/bike-culture.de\/index.php?rest_route=%2Fwp%2Fv2%2Fcomments&post=25"}],"version-history":[{"count":3,"href":"http:\/\/bike-culture.de\/index.php?rest_route=\/wp\/v2\/posts\/25\/revisions"}],"predecessor-version":[{"id":224,"href":"http:\/\/bike-culture.de\/index.php?rest_route=\/wp\/v2\/posts\/25\/revisions\/224"}],"wp:attachment":[{"href":"http:\/\/bike-culture.de\/index.php?rest_route=%2Fwp%2Fv2%2Fmedia&parent=25"}],"wp:term":[{"taxonomy":"category","embeddable":true,"href":"http:\/\/bike-culture.de\/index.php?rest_route=%2Fwp%2Fv2%2Fcategories&post=25"},{"taxonomy":"post_tag","embeddable":true,"href":"http:\/\/bike-culture.de\/index.php?rest_route=%2Fwp%2Fv2%2Ftags&post=25"}],"curies":[{"name":"wp","href":"https:\/\/api.w.org\/{rel}","templated":true}]}}