{"id":310,"date":"2018-12-24T16:20:04","date_gmt":"2018-12-24T15:20:04","guid":{"rendered":"http:\/\/bike-culture.de\/?p=310"},"modified":"2018-12-24T16:20:04","modified_gmt":"2018-12-24T15:20:04","slug":"optik-fahrradrahmen","status":"publish","type":"post","link":"http:\/\/bike-culture.de\/?p=310","title":{"rendered":"Optik Fahrradrahmen"},"content":{"rendered":"<p>\u00dcber Optik l\u00e4sst sich bekanntlich streiten, die Geschm\u00e4cker sind verschieden.<\/p>\n<p>Ich selbst bin bekennender Anh\u00e4nger von hochwertigen Stahlrahmen, die Aluphase hab ich schon hinter mir, eine Carbonphase hat es nicht und wird es bei mir nicht geben.<\/p>\n<p>Heute ist mir einerseits eine schlanke Silhouette wichtig, trotzdem erwarte ich die n\u00f6tigen Festigkeitsreserven, die elastischen Eigenschaften\u00a0von Stahl sind mir wichtig. In der Regel ist ein gut gemachter Stahlrahmen deutlich l\u00e4nger haltbar als Rahmen aus Alu. Das Material l\u00e4\u00dft sich sehr gut reparieren und sollte das Fahrradleben dann doch zu Ende gehen, l\u00e4\u00dft sich Material gut recyceln.<\/p>\n","protected":false},"excerpt":{"rendered":"<p>\u00dcber Optik l\u00e4sst sich bekanntlich streiten, die Geschm\u00e4cker sind verschieden. Ich selbst bin bekennender Anh\u00e4nger von hochwertigen Stahlrahmen, die Aluphase hab ich schon hinter mir, eine Carbonphase hat es nicht und wird es bei mir nicht geben. Heute ist mir einerseits eine schlanke Silhouette wichtig, trotzdem erwarte ich die n\u00f6tigen Festigkeitsreserven, die elastischen Eigenschaften\u00a0von Stahl &hellip; <\/p>\n<p class=\"link-more\"><a href=\"http:\/\/bike-culture.de\/?p=310\" class=\"more-link\"><span class=\"screen-reader-text\">\u201eOptik Fahrradrahmen\u201c<\/span> weiterlesen<\/a><\/p>\n","protected":false},"author":1,"featured_media":0,"comment_status":"open","ping_status":"open","sticky":false,"template":"","format":"standard","meta":[],"categories":[1],"tags":[],"_links":{"self":[{"href":"http:\/\/bike-culture.de\/index.php?rest_route=\/wp\/v2\/posts\/310"}],"collection":[{"href":"http:\/\/bike-culture.de\/index.php?rest_route=\/wp\/v2\/posts"}],"about":[{"href":"http:\/\/bike-culture.de\/index.php?rest_route=\/wp\/v2\/types\/post"}],"author":[{"embeddable":true,"href":"http:\/\/bike-culture.de\/index.php?rest_route=\/wp\/v2\/users\/1"}],"replies":[{"embeddable":true,"href":"http:\/\/bike-culture.de\/index.php?rest_route=%2Fwp%2Fv2%2Fcomments&post=310"}],"version-history":[{"count":2,"href":"http:\/\/bike-culture.de\/index.php?rest_route=\/wp\/v2\/posts\/310\/revisions"}],"predecessor-version":[{"id":312,"href":"http:\/\/bike-culture.de\/index.php?rest_route=\/wp\/v2\/posts\/310\/revisions\/312"}],"wp:attachment":[{"href":"http:\/\/bike-culture.de\/index.php?rest_route=%2Fwp%2Fv2%2Fmedia&parent=310"}],"wp:term":[{"taxonomy":"category","embeddable":true,"href":"http:\/\/bike-culture.de\/index.php?rest_route=%2Fwp%2Fv2%2Fcategories&post=310"},{"taxonomy":"post_tag","embeddable":true,"href":"http:\/\/bike-culture.de\/index.php?rest_route=%2Fwp%2Fv2%2Ftags&post=310"}],"curies":[{"name":"wp","href":"https:\/\/api.w.org\/{rel}","templated":true}]}}